{"id":127605,"date":"2026-04-29T15:07:42","date_gmt":"2026-04-29T15:07:42","guid":{"rendered":"https:\/\/ibvmunngo.org\/?p=127605"},"modified":"2026-04-29T15:12:49","modified_gmt":"2026-04-29T15:12:49","slug":"2026-ffdforum-opening-session","status":"publish","type":"post","link":"https:\/\/ibvmunngo.org\/fr\/2026-ffdforum-opening-session\/","title":{"rendered":"2026 FfDForum Opening Session"},"content":{"rendered":"<div data-elementor-type=\"wp-post\" data-elementor-id=\"127605\" class=\"elementor elementor-127605\" data-elementor-post-type=\"post\">\n\t\t\t\t\t\t<section class=\"elementor-section elementor-top-section elementor-element elementor-element-4038cbe elementor-section-boxed elementor-section-height-default elementor-section-height-default\" data-id=\"4038cbe\" data-element_type=\"section\" data-e-type=\"section\">\n\t\t\t\t\t\t<div class=\"elementor-container elementor-column-gap-default\">\n\t\t\t\t\t<div class=\"elementor-column elementor-col-100 elementor-top-column elementor-element elementor-element-95c577c\" data-id=\"95c577c\" data-element_type=\"column\" data-e-type=\"column\">\n\t\t\t<div class=\"elementor-widget-wrap elementor-element-populated\">\n\t\t\t\t\t\t<div class=\"elementor-element elementor-element-9af561b elementor-widget elementor-widget-image\" data-id=\"9af561b\" data-element_type=\"widget\" data-e-type=\"widget\" data-widget_type=\"image.default\">\n\t\t\t\t<div class=\"elementor-widget-container\">\n\t\t\t\t\t\t\t\t\t\t\t\t\t\t\t<img decoding=\"async\" src=\"https:\/\/ibvmunngo.org\/wp-content\/uploads\/elementor\/thumbs\/Website_Post_Cover-FfDForumOpening-rmq55yby5yaoilckhe16uvmizn3pj3syzq58ga6krk.png\" title=\"Website_Post_Cover FfDForumOpening\" alt=\"Website_Post_Cover FfDForumOpening\" loading=\"lazy\" \/>\t\t\t\t\t\t\t\t\t\t\t\t\t\t\t<\/div>\n\t\t\t\t<\/div>\n\t\t\t\t\t<\/div>\n\t\t<\/div>\n\t\t\t\t\t<\/div>\n\t\t<\/section>\n\t\t\t\t<section class=\"elementor-section elementor-top-section elementor-element elementor-element-6d55ecc elementor-section-boxed elementor-section-height-default elementor-section-height-default\" data-id=\"6d55ecc\" data-element_type=\"section\" data-e-type=\"section\">\n\t\t\t\t\t\t<div class=\"elementor-container elementor-column-gap-default\">\n\t\t\t\t\t<div class=\"elementor-column elementor-col-100 elementor-top-column elementor-element elementor-element-20965be\" data-id=\"20965be\" data-element_type=\"column\" data-e-type=\"column\">\n\t\t\t<div class=\"elementor-widget-wrap elementor-element-populated\">\n\t\t\t\t\t\t<div class=\"elementor-element elementor-element-99d72c7 elementor-widget elementor-widget-text-editor\" data-id=\"99d72c7\" data-element_type=\"widget\" data-e-type=\"widget\" data-widget_type=\"text-editor.default\">\n\t\t\t\t<div class=\"elementor-widget-container\">\n\t\t\t\t\t\t\t\t\t<p><span style=\"font-weight: 400;\">On the 20th of April, the 1st Meeting of the 2026 ECOSOC Forum on Financing for Development took place. This opening meeting consisted of a panel, as well as a collection of country representatives, diplomats and civil society. The meeting was opened by Ant\u00f3nio Guterres, the current UN Secretary-General. He stated that this forum was the first major test of whether countries would act on Sevilla promises. This Sevilla agreement was formed at the Fourth International Conference on Financing for Development in Sevilla, Spain during June\/July 2025, and was frequently mentioned in this opening session. Guterres mentioned that in the time since this meeting in Sevilla, nations remained trapped by debt, had weak economic growth and expensive borrowing costs. The financial blows of the current global conflicts as well as climate change impacting food security, water quality, energy availability and production, as well as unstable leadership were also discussed as key issues. The purpose of the 2026 ECOSOC Forum on Financing for Development seemed to be to discuss the implementation of urgent reform of the international financial structures, as it was said that financial development was the key to peace and stability, but required commitment from countries, especially those willing to or who had already commited to aiding other countries in worse financial positions.<\/span><\/p><p><span style=\"font-weight: 400;\">UN General Assembly President Annalena Baerbock called for direct action from the group. The UN is sometimes critiqued for achieving discourse instead of concrete action in relation to global issues, either because they do not have the power or because it is easier for countries to discuss the same or arising issues than it is to directly solve them. Baerbock affirmed, especially to those who had attended the Conference on Financing for Development in Sevilla, that\u2026<\/span><\/p><p><i><span style=\"font-weight: 400;\">\u201c\u2026the world does not need us to rehash the same problems, nor does it need us to repeat promises already made and certainly not to litigate them, reopen debates, we just find a compromise and a consensus on less than a year ago in civilia. What it needs now is action. Full stop. We need to deliver on the promises already made, not come up with new ones, not renegotiate texts, and not raise hopes only to disappoint. Because this goes also to the credibility of this institution in shaky times. And thankfully, there are more and more solutions being put forward to make our <\/span><\/i><i><span style=\"font-weight: 400;\">promises a reality.\u201d<\/span><\/i><\/p><p><span style=\"font-weight: 400;\">It was promising to see this forum commence with such a forceful call to actionable results from the dialogue that would take place over the following days. It was argued no country can achieve sustainable development alone and that it was the key to security, peace and dignity. It was the hope that this forum would be a successful collaboration of countries towards economic action development deliverables.<\/span><\/p><p><strong>Auteur:<\/strong> Clare Tuckwell, Youth Intern, Australia<\/p>\t\t\t\t\t\t\t\t<\/div>\n\t\t\t\t<\/div>\n\t\t\t\t\t<\/div>\n\t\t<\/div>\n\t\t\t\t\t<\/div>\n\t\t<\/section>\n\t\t\t\t<\/div>","protected":false},"excerpt":{"rendered":"<p>On the 20th of April, the 1st Meeting of the 2026 ECOSOC Forum on Financing for Development took place. This opening meeting consisted of a panel, as well as a collection of country representatives, diplomats and civil society. The meeting was opened by Ant\u00f3nio Guterres, the current UN Secretary-General. He stated that this forum was [&hellip;]<\/p>\n","protected":false},"author":11,"featured_media":127606,"comment_status":"closed","ping_status":"closed","sticky":false,"template":"","format":"standard","meta":{"footnotes":""},"categories":[3],"tags":[35,17,37],"class_list":["post-127605","post","type-post","status-publish","format-standard","has-post-thumbnail","hentry","category-updates","tag-eradication-of-poverty","tag-financing-for-development","tag-news-updates"],"yoast_head":"<!-- This site is optimized with the Yoast SEO plugin v27.3 - https:\/\/yoast.com\/product\/yoast-seo-wordpress\/ -->\n<title>2026 FfDForum Opening Session - Institute of the Blessed Virgin Mary \u2013 Loreto<\/title>\n<meta name=\"robots\" content=\"index, follow, max-snippet:-1, max-image-preview:large, max-video-preview:-1\" \/>\n<link rel=\"canonical\" href=\"https:\/\/ibvmunngo.org\/fr\/2026-ffdforum-opening-session\/\" \/>\n<meta property=\"og:locale\" content=\"fr_FR\" \/>\n<meta property=\"og:type\" content=\"article\" \/>\n<meta property=\"og:title\" content=\"2026 FfDForum Opening Session - Institute of the Blessed Virgin Mary \u2013 Loreto\" \/>\n<meta property=\"og:description\" content=\"On the 20th of April, the 1st Meeting of the 2026 ECOSOC Forum on Financing for Development took place. This opening meeting consisted of a panel, as well as a collection of country representatives, diplomats and civil society. The meeting was opened by Ant\u00f3nio Guterres, the current UN Secretary-General. He stated that this forum was [&hellip;]\" \/>\n<meta property=\"og:url\" content=\"https:\/\/ibvmunngo.org\/fr\/2026-ffdforum-opening-session\/\" \/>\n<meta property=\"og:site_name\" content=\"Institute of the Blessed Virgin Mary \u2013 Loreto\" \/>\n<meta property=\"article:published_time\" content=\"2026-04-29T15:07:42+00:00\" \/>\n<meta property=\"article:modified_time\" content=\"2026-04-29T15:12:49+00:00\" \/>\n<meta property=\"og:image\" content=\"https:\/\/ibvmunngo.org\/wp-content\/uploads\/2026\/04\/Website-2024-Front-CoverFfDForumOpening.png\" \/>\n\t<meta property=\"og:image:width\" content=\"954\" \/>\n\t<meta property=\"og:image:height\" content=\"706\" \/>\n\t<meta property=\"og:image:type\" content=\"image\/png\" \/>\n<meta name=\"author\" content=\"IBVM UN\" \/>\n<meta name=\"twitter:card\" content=\"summary_large_image\" \/>\n<meta name=\"twitter:label1\" content=\"\u00c9crit par\" \/>\n\t<meta name=\"twitter:data1\" content=\"IBVM UN\" \/>\n\t<meta name=\"twitter:label2\" content=\"Dur\u00e9e de lecture estim\u00e9e\" \/>\n\t<meta name=\"twitter:data2\" content=\"3 minutes\" \/>\n<script type=\"application\/ld+json\" class=\"yoast-schema-graph\">{\"@context\":\"https:\\\/\\\/schema.org\",\"@graph\":[{\"@type\":\"Article\",\"@id\":\"https:\\\/\\\/ibvmunngo.org\\\/2026-ffdforum-opening-session\\\/#article\",\"isPartOf\":{\"@id\":\"https:\\\/\\\/ibvmunngo.org\\\/2026-ffdforum-opening-session\\\/\"},\"author\":{\"name\":\"IBVM UN\",\"@id\":\"https:\\\/\\\/ibvmunngo.org\\\/es\\\/#\\\/schema\\\/person\\\/dd74081b15ba427edc1a88a300b82e61\"},\"headline\":\"2026 FfDForum Opening Session\",\"datePublished\":\"2026-04-29T15:07:42+00:00\",\"dateModified\":\"2026-04-29T15:12:49+00:00\",\"mainEntityOfPage\":{\"@id\":\"https:\\\/\\\/ibvmunngo.org\\\/2026-ffdforum-opening-session\\\/\"},\"wordCount\":473,\"publisher\":{\"@id\":\"https:\\\/\\\/ibvmunngo.org\\\/es\\\/#organization\"},\"image\":{\"@id\":\"https:\\\/\\\/ibvmunngo.org\\\/2026-ffdforum-opening-session\\\/#primaryimage\"},\"thumbnailUrl\":\"https:\\\/\\\/ibvmunngo.org\\\/wp-content\\\/uploads\\\/2026\\\/04\\\/Website-2024-Front-CoverFfDForumOpening.png\",\"keywords\":[\"Eradication of Poverty\",\"Financing for Development\",\"News Updates\"],\"articleSection\":[\"Updates\"],\"inLanguage\":\"fr-FR\"},{\"@type\":\"WebPage\",\"@id\":\"https:\\\/\\\/ibvmunngo.org\\\/2026-ffdforum-opening-session\\\/\",\"url\":\"https:\\\/\\\/ibvmunngo.org\\\/2026-ffdforum-opening-session\\\/\",\"name\":\"2026 FfDForum Opening Session - Institute of the Blessed Virgin Mary \u2013 Loreto\",\"isPartOf\":{\"@id\":\"https:\\\/\\\/ibvmunngo.org\\\/es\\\/#website\"},\"primaryImageOfPage\":{\"@id\":\"https:\\\/\\\/ibvmunngo.org\\\/2026-ffdforum-opening-session\\\/#primaryimage\"},\"image\":{\"@id\":\"https:\\\/\\\/ibvmunngo.org\\\/2026-ffdforum-opening-session\\\/#primaryimage\"},\"thumbnailUrl\":\"https:\\\/\\\/ibvmunngo.org\\\/wp-content\\\/uploads\\\/2026\\\/04\\\/Website-2024-Front-CoverFfDForumOpening.png\",\"datePublished\":\"2026-04-29T15:07:42+00:00\",\"dateModified\":\"2026-04-29T15:12:49+00:00\",\"breadcrumb\":{\"@id\":\"https:\\\/\\\/ibvmunngo.org\\\/2026-ffdforum-opening-session\\\/#breadcrumb\"},\"inLanguage\":\"fr-FR\",\"potentialAction\":[{\"@type\":\"ReadAction\",\"target\":[\"https:\\\/\\\/ibvmunngo.org\\\/2026-ffdforum-opening-session\\\/\"]}]},{\"@type\":\"ImageObject\",\"inLanguage\":\"fr-FR\",\"@id\":\"https:\\\/\\\/ibvmunngo.org\\\/2026-ffdforum-opening-session\\\/#primaryimage\",\"url\":\"https:\\\/\\\/ibvmunngo.org\\\/wp-content\\\/uploads\\\/2026\\\/04\\\/Website-2024-Front-CoverFfDForumOpening.png\",\"contentUrl\":\"https:\\\/\\\/ibvmunngo.org\\\/wp-content\\\/uploads\\\/2026\\\/04\\\/Website-2024-Front-CoverFfDForumOpening.png\",\"width\":954,\"height\":706},{\"@type\":\"BreadcrumbList\",\"@id\":\"https:\\\/\\\/ibvmunngo.org\\\/2026-ffdforum-opening-session\\\/#breadcrumb\",\"itemListElement\":[{\"@type\":\"ListItem\",\"position\":1,\"name\":\"Home\",\"item\":\"https:\\\/\\\/ibvmunngo.org\\\/es\\\/\"},{\"@type\":\"ListItem\",\"position\":2,\"name\":\"2026 FfDForum Opening Session\"}]},{\"@type\":\"WebSite\",\"@id\":\"https:\\\/\\\/ibvmunngo.org\\\/es\\\/#website\",\"url\":\"https:\\\/\\\/ibvmunngo.org\\\/es\\\/\",\"name\":\"Institute of the Blessed Virgin Mary \u2013 Loreto\",\"description\":\"NGO ASSOCIATED WITH ECOSOC AT THE UNITED NATIONS\",\"publisher\":{\"@id\":\"https:\\\/\\\/ibvmunngo.org\\\/es\\\/#organization\"},\"potentialAction\":[{\"@type\":\"SearchAction\",\"target\":{\"@type\":\"EntryPoint\",\"urlTemplate\":\"https:\\\/\\\/ibvmunngo.org\\\/es\\\/?s={search_term_string}\"},\"query-input\":{\"@type\":\"PropertyValueSpecification\",\"valueRequired\":true,\"valueName\":\"search_term_string\"}}],\"inLanguage\":\"fr-FR\"},{\"@type\":\"Organization\",\"@id\":\"https:\\\/\\\/ibvmunngo.org\\\/es\\\/#organization\",\"name\":\"Institute of the Blessed Virgin Mary \u2013 Loreto\",\"url\":\"https:\\\/\\\/ibvmunngo.org\\\/es\\\/\",\"logo\":{\"@type\":\"ImageObject\",\"inLanguage\":\"fr-FR\",\"@id\":\"https:\\\/\\\/ibvmunngo.org\\\/es\\\/#\\\/schema\\\/logo\\\/image\\\/\",\"url\":\"https:\\\/\\\/ibvmunngo.org\\\/wp-content\\\/uploads\\\/2020\\\/10\\\/Logo_IBVM_UN_1.png\",\"contentUrl\":\"https:\\\/\\\/ibvmunngo.org\\\/wp-content\\\/uploads\\\/2020\\\/10\\\/Logo_IBVM_UN_1.png\",\"width\":200,\"height\":144,\"caption\":\"Institute of the Blessed Virgin Mary \u2013 Loreto\"},\"image\":{\"@id\":\"https:\\\/\\\/ibvmunngo.org\\\/es\\\/#\\\/schema\\\/logo\\\/image\\\/\"}},{\"@type\":\"Person\",\"@id\":\"https:\\\/\\\/ibvmunngo.org\\\/es\\\/#\\\/schema\\\/person\\\/dd74081b15ba427edc1a88a300b82e61\",\"name\":\"IBVM UN\",\"image\":{\"@type\":\"ImageObject\",\"inLanguage\":\"fr-FR\",\"@id\":\"https:\\\/\\\/secure.gravatar.com\\\/avatar\\\/37144c9b4ee3c89f35eea8feb72e5dae6ddaacb87f5045ac861dc7eeb53d6e83?s=96&d=mm&r=g\",\"url\":\"https:\\\/\\\/secure.gravatar.com\\\/avatar\\\/37144c9b4ee3c89f35eea8feb72e5dae6ddaacb87f5045ac861dc7eeb53d6e83?s=96&d=mm&r=g\",\"contentUrl\":\"https:\\\/\\\/secure.gravatar.com\\\/avatar\\\/37144c9b4ee3c89f35eea8feb72e5dae6ddaacb87f5045ac861dc7eeb53d6e83?s=96&d=mm&r=g\",\"caption\":\"IBVM UN\"},\"url\":\"https:\\\/\\\/ibvmunngo.org\\\/fr\\\/author\\\/unngomary-ward-org\\\/\"}]}<\/script>\n<!-- \/ Yoast SEO plugin. -->","yoast_head_json":{"title":"2026 FfDForum Opening Session - Institute of the Blessed Virgin Mary \u2013 Loreto","robots":{"index":"index","follow":"follow","max-snippet":"max-snippet:-1","max-image-preview":"max-image-preview:large","max-video-preview":"max-video-preview:-1"},"canonical":"https:\/\/ibvmunngo.org\/fr\/2026-ffdforum-opening-session\/","og_locale":"fr_FR","og_type":"article","og_title":"2026 FfDForum Opening Session - Institute of the Blessed Virgin Mary \u2013 Loreto","og_description":"On the 20th of April, the 1st Meeting of the 2026 ECOSOC Forum on Financing for Development took place. This opening meeting consisted of a panel, as well as a collection of country representatives, diplomats and civil society. The meeting was opened by Ant\u00f3nio Guterres, the current UN Secretary-General. He stated that this forum was [&hellip;]","og_url":"https:\/\/ibvmunngo.org\/fr\/2026-ffdforum-opening-session\/","og_site_name":"Institute of the Blessed Virgin Mary \u2013 Loreto","article_published_time":"2026-04-29T15:07:42+00:00","article_modified_time":"2026-04-29T15:12:49+00:00","og_image":[{"width":954,"height":706,"url":"https:\/\/ibvmunngo.org\/wp-content\/uploads\/2026\/04\/Website-2024-Front-CoverFfDForumOpening.png","type":"image\/png"}],"author":"IBVM UN","twitter_card":"summary_large_image","twitter_misc":{"\u00c9crit par":"IBVM UN","Dur\u00e9e de lecture estim\u00e9e":"3 minutes"},"schema":{"@context":"https:\/\/schema.org","@graph":[{"@type":"Article","@id":"https:\/\/ibvmunngo.org\/2026-ffdforum-opening-session\/#article","isPartOf":{"@id":"https:\/\/ibvmunngo.org\/2026-ffdforum-opening-session\/"},"author":{"name":"IBVM UN","@id":"https:\/\/ibvmunngo.org\/es\/#\/schema\/person\/dd74081b15ba427edc1a88a300b82e61"},"headline":"2026 FfDForum Opening Session","datePublished":"2026-04-29T15:07:42+00:00","dateModified":"2026-04-29T15:12:49+00:00","mainEntityOfPage":{"@id":"https:\/\/ibvmunngo.org\/2026-ffdforum-opening-session\/"},"wordCount":473,"publisher":{"@id":"https:\/\/ibvmunngo.org\/es\/#organization"},"image":{"@id":"https:\/\/ibvmunngo.org\/2026-ffdforum-opening-session\/#primaryimage"},"thumbnailUrl":"https:\/\/ibvmunngo.org\/wp-content\/uploads\/2026\/04\/Website-2024-Front-CoverFfDForumOpening.png","keywords":["Eradication of Poverty","Financing for Development","News Updates"],"articleSection":["Updates"],"inLanguage":"fr-FR"},{"@type":"WebPage","@id":"https:\/\/ibvmunngo.org\/2026-ffdforum-opening-session\/","url":"https:\/\/ibvmunngo.org\/2026-ffdforum-opening-session\/","name":"2026 FfDForum Opening Session - Institute of the Blessed Virgin Mary \u2013 Loreto","isPartOf":{"@id":"https:\/\/ibvmunngo.org\/es\/#website"},"primaryImageOfPage":{"@id":"https:\/\/ibvmunngo.org\/2026-ffdforum-opening-session\/#primaryimage"},"image":{"@id":"https:\/\/ibvmunngo.org\/2026-ffdforum-opening-session\/#primaryimage"},"thumbnailUrl":"https:\/\/ibvmunngo.org\/wp-content\/uploads\/2026\/04\/Website-2024-Front-CoverFfDForumOpening.png","datePublished":"2026-04-29T15:07:42+00:00","dateModified":"2026-04-29T15:12:49+00:00","breadcrumb":{"@id":"https:\/\/ibvmunngo.org\/2026-ffdforum-opening-session\/#breadcrumb"},"inLanguage":"fr-FR","potentialAction":[{"@type":"ReadAction","target":["https:\/\/ibvmunngo.org\/2026-ffdforum-opening-session\/"]}]},{"@type":"ImageObject","inLanguage":"fr-FR","@id":"https:\/\/ibvmunngo.org\/2026-ffdforum-opening-session\/#primaryimage","url":"https:\/\/ibvmunngo.org\/wp-content\/uploads\/2026\/04\/Website-2024-Front-CoverFfDForumOpening.png","contentUrl":"https:\/\/ibvmunngo.org\/wp-content\/uploads\/2026\/04\/Website-2024-Front-CoverFfDForumOpening.png","width":954,"height":706},{"@type":"BreadcrumbList","@id":"https:\/\/ibvmunngo.org\/2026-ffdforum-opening-session\/#breadcrumb","itemListElement":[{"@type":"ListItem","position":1,"name":"Home","item":"https:\/\/ibvmunngo.org\/es\/"},{"@type":"ListItem","position":2,"name":"2026 FfDForum Opening Session"}]},{"@type":"WebSite","@id":"https:\/\/ibvmunngo.org\/es\/#website","url":"https:\/\/ibvmunngo.org\/es\/","name":"Institut de la Bienheureuse Vierge Marie \u2013 Lorette","description":"ONG ASSOCIEE A L&#039;ECOSOC AUX NATIONS UNIES","publisher":{"@id":"https:\/\/ibvmunngo.org\/es\/#organization"},"potentialAction":[{"@type":"SearchAction","target":{"@type":"EntryPoint","urlTemplate":"https:\/\/ibvmunngo.org\/es\/?s={search_term_string}"},"query-input":{"@type":"PropertyValueSpecification","valueRequired":true,"valueName":"search_term_string"}}],"inLanguage":"fr-FR"},{"@type":"Organization","@id":"https:\/\/ibvmunngo.org\/es\/#organization","name":"Institut de la Bienheureuse Vierge Marie \u2013 Lorette","url":"https:\/\/ibvmunngo.org\/es\/","logo":{"@type":"ImageObject","inLanguage":"fr-FR","@id":"https:\/\/ibvmunngo.org\/es\/#\/schema\/logo\/image\/","url":"https:\/\/ibvmunngo.org\/wp-content\/uploads\/2020\/10\/Logo_IBVM_UN_1.png","contentUrl":"https:\/\/ibvmunngo.org\/wp-content\/uploads\/2020\/10\/Logo_IBVM_UN_1.png","width":200,"height":144,"caption":"Institute of the Blessed Virgin Mary \u2013 Loreto"},"image":{"@id":"https:\/\/ibvmunngo.org\/es\/#\/schema\/logo\/image\/"}},{"@type":"Person","@id":"https:\/\/ibvmunngo.org\/es\/#\/schema\/person\/dd74081b15ba427edc1a88a300b82e61","name":"IBVM ONU","image":{"@type":"ImageObject","inLanguage":"fr-FR","@id":"https:\/\/secure.gravatar.com\/avatar\/37144c9b4ee3c89f35eea8feb72e5dae6ddaacb87f5045ac861dc7eeb53d6e83?s=96&d=mm&r=g","url":"https:\/\/secure.gravatar.com\/avatar\/37144c9b4ee3c89f35eea8feb72e5dae6ddaacb87f5045ac861dc7eeb53d6e83?s=96&d=mm&r=g","contentUrl":"https:\/\/secure.gravatar.com\/avatar\/37144c9b4ee3c89f35eea8feb72e5dae6ddaacb87f5045ac861dc7eeb53d6e83?s=96&d=mm&r=g","caption":"IBVM UN"},"url":"https:\/\/ibvmunngo.org\/fr\/author\/unngomary-ward-org\/"}]}},"_links":{"self":[{"href":"https:\/\/ibvmunngo.org\/fr\/wp-json\/wp\/v2\/posts\/127605","targetHints":{"allow":["GET"]}}],"collection":[{"href":"https:\/\/ibvmunngo.org\/fr\/wp-json\/wp\/v2\/posts"}],"about":[{"href":"https:\/\/ibvmunngo.org\/fr\/wp-json\/wp\/v2\/types\/post"}],"author":[{"embeddable":true,"href":"https:\/\/ibvmunngo.org\/fr\/wp-json\/wp\/v2\/users\/11"}],"replies":[{"embeddable":true,"href":"https:\/\/ibvmunngo.org\/fr\/wp-json\/wp\/v2\/comments?post=127605"}],"version-history":[{"count":7,"href":"https:\/\/ibvmunngo.org\/fr\/wp-json\/wp\/v2\/posts\/127605\/revisions"}],"predecessor-version":[{"id":127614,"href":"https:\/\/ibvmunngo.org\/fr\/wp-json\/wp\/v2\/posts\/127605\/revisions\/127614"}],"wp:featuredmedia":[{"embeddable":true,"href":"https:\/\/ibvmunngo.org\/fr\/wp-json\/wp\/v2\/media\/127606"}],"wp:attachment":[{"href":"https:\/\/ibvmunngo.org\/fr\/wp-json\/wp\/v2\/media?parent=127605"}],"wp:term":[{"taxonomy":"category","embeddable":true,"href":"https:\/\/ibvmunngo.org\/fr\/wp-json\/wp\/v2\/categories?post=127605"},{"taxonomy":"post_tag","embeddable":true,"href":"https:\/\/ibvmunngo.org\/fr\/wp-json\/wp\/v2\/tags?post=127605"}],"curies":[{"name":"wp","href":"https:\/\/api.w.org\/{rel}","templated":true}]}}