{"id":124887,"date":"2024-05-03T14:35:31","date_gmt":"2024-05-03T14:35:31","guid":{"rendered":"https:\/\/www.ibvmunngo.org\/?p=124887"},"modified":"2024-07-09T02:05:26","modified_gmt":"2024-07-09T02:05:26","slug":"da-visao-ao-impacto","status":"publish","type":"post","link":"https:\/\/ibvmunngo.org\/pt\/da-visao-ao-impacto\/","title":{"rendered":"Da vis\u00e3o ao impacto"},"content":{"rendered":"<div data-elementor-type=\"wp-post\" data-elementor-id=\"124887\" class=\"elementor elementor-124887\" data-elementor-post-type=\"post\">\n\t\t\t\t\t\t<section class=\"elementor-section elementor-top-section elementor-element elementor-element-b490f7f elementor-section-boxed elementor-section-height-default elementor-section-height-default\" data-id=\"b490f7f\" data-element_type=\"section\" data-e-type=\"section\">\n\t\t\t\t\t\t<div class=\"elementor-container elementor-column-gap-default\">\n\t\t\t\t\t<div class=\"elementor-column elementor-col-100 elementor-top-column elementor-element elementor-element-c5a0930\" data-id=\"c5a0930\" data-element_type=\"column\" data-e-type=\"column\">\n\t\t\t<div class=\"elementor-widget-wrap elementor-element-populated\">\n\t\t\t\t\t\t<div class=\"elementor-element elementor-element-fae82b7 elementor-widget elementor-widget-image\" data-id=\"fae82b7\" data-element_type=\"widget\" data-e-type=\"widget\" data-widget_type=\"image.default\">\n\t\t\t\t<div class=\"elementor-widget-container\">\n\t\t\t\t\t\t\t\t\t\t\t\t\t\t\t<img decoding=\"async\" src=\"https:\/\/ibvmunngo.org\/wp-content\/uploads\/elementor\/thumbs\/WhatsApp-Image-2024-05-03-at-10.10.46-AM-1-qty2edl1ix51juqoyekc32k36sfcpq8qwof4ml9db4.jpeg\" title=\"Imagem do WhatsApp 03\/05\/2024 \u00e0s 10h10h46 (1)\" alt=\"Imagem do WhatsApp 03\/05\/2024 \u00e0s 10h10h46 (1)\" loading=\"lazy\" \/>\t\t\t\t\t\t\t\t\t\t\t\t\t\t\t<\/div>\n\t\t\t\t<\/div>\n\t\t\t\t<div class=\"elementor-element elementor-element-c1a04a8 elementor-widget elementor-widget-text-editor\" data-id=\"c1a04a8\" data-element_type=\"widget\" data-e-type=\"widget\" data-widget_type=\"text-editor.default\">\n\t\t\t\t<div class=\"elementor-widget-container\">\n\t\t\t\t\t\t\t\t\t<p><span style=\"font-weight: 400;\">As Reuni\u00f5es de Primavera do Banco Mundial\/Fundo Monet\u00e1rio Internacional (FMI) de 2024 ocorreram de 15 a 20 de abril em Washington, DC As Reuni\u00f5es de Primavera reuniram banqueiros centrais, ministros das finan\u00e7as e desenvolvimento, parlamentares, executivos do setor privado, organiza\u00e7\u00f5es da sociedade civil e acad\u00eamicos para discutir preocupa\u00e7\u00f5es econ\u00f4micas globais sob o tema <em><strong>Vis\u00e3o para Impacto.\u00a0<\/strong><\/em><\/span><\/p><p><span style=\"font-weight: 400;\">Estou muito grato por ter tido a oportunidade de viajar para Washington, DC e participar desta confer\u00eancia. Foi emocionante ouvir uma ampla gama de l\u00edderes influentes, incluindo Hana Brixi, Diretora Global de G\u00eanero do Banco Mundial; Gita Gopinath, Primeira Diretora-Geral Adjunta do FMI; Sri Mulyani, Ministro das Finan\u00e7as da Indon\u00e9sia; e Maarten Verwey, Dire\u00e7\u00e3o-Geral dos Assuntos Econ\u00f3micos e Financeiros da Comiss\u00e3o Europeia. Gostei particularmente das Reuni\u00f5es de Primavera porque as discuss\u00f5es foram mais acad\u00e9micas e tiveram maior \u00eanfase na partilha de solu\u00e7\u00f5es do que outras confer\u00eancias em que participei na ONU.\u00a0<\/span><\/p><p><span style=\"font-weight: 400;\">Abaixo est\u00e1 um resumo dos principais temas observados ao longo da confer\u00eancia.<\/span><\/p><p><b>Crise de d\u00e9bito:<\/b><\/p><p><span style=\"font-weight: 400;\">O actual contexto global pode ser caracterizado por d\u00edvida elevada, d\u00e9fices, taxas de juro elevadas, baixo crescimento, crise clim\u00e1tica e conflitos. Anos de d\u00e9fices or\u00e7amentais levaram a d\u00edvida a n\u00edveis hist\u00f3ricos. Em 2023, apenas metade das economias mundiais apertaram a pol\u00edtica or\u00e7amental, abaixo dos 70 por cento em 2022. Consequentemente, a d\u00edvida p\u00fablica global atingiu 93 por cento do PIB global, 9 por cento acima dos n\u00edveis pr\u00e9-pandemia. Os encargos da d\u00edvida t\u00eam um impacto significativo no Sul Global, uma vez que limitam as despesas fiscais necess\u00e1rias para alcan\u00e7ar os ODS e mobilizar financiamento para as altera\u00e7\u00f5es clim\u00e1ticas.\u00a0<\/span><\/p><p><i><span style=\"font-weight: 400;\">Como podemos reduzir o peso da d\u00edvida para promover o desenvolvimento sustent\u00e1vel? <\/span><\/i><span style=\"font-weight: 400;\">As trocas de d\u00edvida foram uma solu\u00e7\u00e3o popular para fazer face ao crescente peso da d\u00edvida. Este mecanismo permite o perd\u00e3o da d\u00edvida, desde que o montante do reembolso da d\u00edvida seja gasto no desenvolvimento. Isto cria espa\u00e7o suficiente para o Sul Global enfrentar os desafios clim\u00e1ticos e de desenvolvimento social.\u00a0<\/span><\/p><p><i><span style=\"font-weight: 400;\">Como financiamos as altera\u00e7\u00f5es clim\u00e1ticas sem aumentar a d\u00edvida? <\/span><\/i><span style=\"font-weight: 400;\">O financiamento de cat\u00e1strofes naturais cria desafios adicionais para o Sul Global no cumprimento das suas obriga\u00e7\u00f5es de d\u00edvida. Uma solu\u00e7\u00e3o \u00e9 o seguro param\u00e9trico, que oferece pagamentos pr\u00e9-especificados no caso de um evento desencadeador. Isto evita que os pa\u00edses tenham de contrair empr\u00e9stimos quando confrontados com uma cat\u00e1strofe clim\u00e1tica. Esta sugest\u00e3o lan\u00e7ou um debate acalorado sobre quem paga pelo seguro param\u00e9trico. Dado que o Sul Global \u00e9 o que menos contribui para as altera\u00e7\u00f5es clim\u00e1ticas e o mais afectado pelo seu impacto, n\u00e3o deve tamb\u00e9m ser financeiramente respons\u00e1vel pelas suas consequ\u00eancias. <\/span><\/p><p><span style=\"font-weight: 400;\">Um membro da audi\u00eancia usou a analogia de um vaso sanit\u00e1rio com vazamento. Ela disse: \u201cSe o banheiro do meu vizinho est\u00e1 vazando, por que devo pagar por isso?\u201d. Este coment\u00e1rio recebeu aplausos significativos do p\u00fablico e destacou a necessidade de o Norte Global contribuir mais para o financiamento dos impactos das altera\u00e7\u00f5es clim\u00e1ticas no Sul Global.\u00a0<\/span><\/p><p><span style=\"font-weight: 400;\"><em>Como remodelamos nossos sistemas fiscais? <\/em>Uma \u00faltima \u00e1rea de discuss\u00e3o foi a necessidade de reestruturar o sistema fiscal. Maarten Verwey, Dire\u00e7\u00e3o-Geral dos Assuntos Econ\u00f3micos e Financeiros da Comiss\u00e3o Europeia, falou sobre a import\u00e2ncia de ter regras or\u00e7amentais simples, flex\u00edveis e orientadas por uma abordagem baseada no risco. Ele mencionou tr\u00eas melhorias importantes no novo sistema fiscal:<\/span><\/p><ol><li style=\"font-weight: 400;\" aria-level=\"1\"><span style=\"font-weight: 400;\">Apropria\u00e7\u00e3o: N\u00e3o existe uma abordagem \u00fanica para as regras fiscais. Devem ser preparados pelos Estados-membros e adaptados a cada pa\u00eds.\u00a0<\/span><\/li><li style=\"font-weight: 400;\" aria-level=\"1\"><span style=\"font-weight: 400;\">Consolida\u00e7\u00e3o fiscal: Devemos visar a consolida\u00e7\u00e3o fiscal, mas devemos dar mais tempo aos Estados-membros, condicionado ao fortalecimento das institui\u00e7\u00f5es.\u00a0<\/span><\/li><li style=\"font-weight: 400;\" aria-level=\"1\"><span style=\"font-weight: 400;\">M\u00e9dio prazo: As previs\u00f5es devem basear-se num horizonte temporal de quatro anos para trajet\u00f3rias realistas e numa abordagem baseada no risco.\u00a0<\/span><\/li><\/ol><p><span style=\"font-weight: 400;\">Sri Mulyani, Ministro das Finan\u00e7as da Indon\u00e9sia, falou sobre o sucesso da sua regra fiscal, que limita os d\u00e9fices a 3% do PIB e a d\u00edvida acumulada a 60% do PIB. Esta regra de 20 anos permitiu \u00e0 Indon\u00e9sia gerir a d\u00edvida de forma sustent\u00e1vel, mesmo durante a pandemia. Ela tamb\u00e9m enfatizou a import\u00e2ncia da transpar\u00eancia financeira para que o p\u00fablico entenda para onde as receitas fiscais est\u00e3o sendo direcionadas.<\/span><\/p><p><b>Igualdade de g\u00eanero:\u00a0<\/b><\/p><p><span style=\"font-weight: 400;\">As discuss\u00f5es sobre a igualdade de g\u00e9nero centraram-se na viol\u00eancia baseada no g\u00e9nero e na necessidade de reforma econ\u00f3mica.<\/span><\/p><p><span style=\"font-weight: 400;\">Em primeiro lugar, a viol\u00eancia baseada no g\u00e9nero gera um custo enorme para a sociedade. \u00c9 imperativo que invistamos na preven\u00e7\u00e3o e na resposta precoce \u00e0 viol\u00eancia baseada no g\u00e9nero. Isto requer infraestruturas sociais para que as v\u00edtimas tenham conversas abertas e confiem que est\u00e3o a ser ouvidas, oportunidades para o p\u00fablico se manifestar sobre as pol\u00edticas para que a reforma possa ser feita rapidamente e acesso a diferentes servi\u00e7os para as v\u00edtimas. O sector privado tamb\u00e9m pode incorporar estas estrat\u00e9gias nas suas infra-estruturas organizacionais e investir em locais de trabalho seguros.\u00a0<\/span><\/p><p><span style=\"font-weight: 400;\">Devemos tamb\u00e9m reconhecer a infeliz evid\u00eancia que destaca uma correla\u00e7\u00e3o positiva entre o empoderamento econ\u00f3mico das mulheres e a viol\u00eancia praticada pelo parceiro \u00edntimo. Na nossa luta para empoderar as mulheres, devemos ter cuidado para n\u00e3o enfraquecer os homens, pois isso corre o risco de polariza\u00e7\u00e3o e viol\u00eancia. Devemos, portanto, investir na educa\u00e7\u00e3o e nos servi\u00e7os para combater a viol\u00eancia masculina e promover modelos masculinos positivos na sociedade.<\/span><\/p><p><span style=\"font-weight: 400;\">Em segundo lugar, as nossas estruturas macroecon\u00f3micas impedem as mulheres de alcan\u00e7ar a igualdade econ\u00f3mica. Podemos observar desigualdades crescentes dentro e entre pa\u00edses, mas tamb\u00e9m precisamos de avaliar como \u00e9 que as nossas estruturas macroecon\u00f3micas impulsionam a desigualdade entre g\u00e9neros. Por exemplo, ser\u00e1 que a liberaliza\u00e7\u00e3o comercial beneficia realmente as ind\u00fastrias dominadas pelas mulheres? H\u00e1 evid\u00eancias que sugerem que sim, mas as evid\u00eancias tamb\u00e9m mostram que a liberaliza\u00e7\u00e3o do com\u00e9rcio reduz o poder de negocia\u00e7\u00e3o dos trabalhadores e, uma vez que as mulheres j\u00e1 t\u00eam baixo poder de negocia\u00e7\u00e3o, perdem ainda mais.\u00a0<\/span><\/p><p><span style=\"font-weight: 400;\">Al\u00e9m disso, as nossas ind\u00fastrias est\u00e3o profundamente segregadas, contribuindo para uma disparidade salarial significativa entre homens e mulheres. O setor de cuidados \u00e9 dominado por mulheres nos n\u00edveis individual, comunit\u00e1rio, de mercado e p\u00fablico. Isto significa que as mulheres s\u00e3o respons\u00e1veis pela maior parte do trabalho de cuidados em casa, nas escolas e na comunidade em geral, nos hospitais e nos sectores de cuidados a idosos, e a n\u00edvel pol\u00edtico. A ind\u00fastria de cuidados \u00e9 sistematicamente subvalorizada e mal paga. Precisamos n\u00e3o s\u00f3 de aumentar a diversidade neste sector, mas tamb\u00e9m de reconhecer o seu verdadeiro valor para a sociedade.\u00a0<\/span><\/p><p><span style=\"font-weight: 400;\">Precisamos tamb\u00e9m de abordar o facto de que a maioria dos empregos mais bem pagos e mais produtivos se encontram em sectores dominados pelos homens. Para garantir que as mulheres tenham acesso a empregos onde os sal\u00e1rios s\u00e3o mais elevados, precisamos de avaliar a igualdade de g\u00e9nero nos tipos de educa\u00e7\u00e3o que as mulheres procuram e implementar prontamente solu\u00e7\u00f5es que promovam a diversidade de g\u00e9nero em todas as ind\u00fastrias.<\/span><\/p><p><b>Solu\u00e7\u00f5es Sustent\u00e1veis:<\/b><\/p><p><span style=\"font-weight: 400;\">Para um desenvolvimento bem-sucedido, devemos garantir que os nossos programas, pol\u00edticas e institui\u00e7\u00f5es sejam constru\u00eddos de forma sustent\u00e1vel. Isto requer fatores de entrada robustos e processos de responsabiliza\u00e7\u00e3o.<\/span><\/p><p><span style=\"font-weight: 400;\">Fatores de entrada quantitativos e qualitativos s\u00e3o necess\u00e1rios para o desenvolvimento de solu\u00e7\u00f5es sustent\u00e1veis. A recolha de dados \u00e9 vital para identificar onde est\u00e3o as quest\u00f5es mais prementes e a melhor forma de resolver os problemas em quest\u00e3o. Al\u00e9m disso, \u00e9 importante engajar as pessoas que ser\u00e3o impactadas pelas solu\u00e7\u00f5es em desenvolvimento. Mulheres, jovens e pessoas com necessidades diversas s\u00e3o frequentemente exclu\u00eddas dos processos de concep\u00e7\u00e3o e tomada de decis\u00e3o. Ouvir a sua experi\u00eancia e conhecimento ir\u00e1 apoiar-nos na constru\u00e7\u00e3o de solu\u00e7\u00f5es sustent\u00e1veis a longo prazo.\u00a0<\/span><\/p><p><span style=\"font-weight: 400;\">Finalmente, para a sustentabilidade a longo prazo, \u00e9 essencial que incorporemos a responsabiliza\u00e7\u00e3o nos nossos processos e compromissos. Isto requer a defini\u00e7\u00e3o de objectivos, a medi\u00e7\u00e3o do progresso e a reflex\u00e3o sobre os resultados. Aqui est\u00e1 um modelo e uma explica\u00e7\u00e3o do Mecanismo de Financiamento Global (GFF) e do PAI sobre como as organiza\u00e7\u00f5es da sociedade civil podem incorporar a responsabiliza\u00e7\u00e3o nos seus planos de trabalho.<\/span><\/p><p><a href=\"https:\/\/www.csogffhub.org\/resources\/gff-reporting-template-instructions\/\">Instru\u00e7\u00f5es do modelo de relat\u00f3rio GFF<\/a><\/p><p><strong>Autor:\u00a0<\/strong>Lauren Grant, representante da juventude\u00a0<\/p>\t\t\t\t\t\t\t\t<\/div>\n\t\t\t\t<\/div>\n\t\t\t\t\t<\/div>\n\t\t<\/div>\n\t\t\t\t\t<\/div>\n\t\t<\/section>\n\t\t\t\t<\/div>","protected":false},"excerpt":{"rendered":"<p>The 2024 World Bank\/International Monetary Fund (IMF) Spring Meetings took place from April 15\u201320 in Washington, D.C. The Spring Meetings brought together central bankers, ministers of finance and development, parliamentarians, private sector executives, civil society organisations, and academics to discuss global economic concerns under the theme Vision to Impact.\u00a0 I am very grateful to have [&hellip;]<\/p>\n","protected":false},"author":6,"featured_media":124900,"comment_status":"closed","ping_status":"closed","sticky":false,"template":"","format":"standard","meta":{"footnotes":""},"categories":[3],"tags":[17,37],"class_list":["post-124887","post","type-post","status-publish","format-standard","has-post-thumbnail","hentry","category-updates","tag-financing-for-development","tag-news-updates"],"yoast_head":"<!-- This site is optimized with the Yoast SEO plugin v27.5 - https:\/\/yoast.com\/product\/yoast-seo-wordpress\/ -->\n<title>From Vision to Impact - Institute of the Blessed Virgin Mary \u2013 Loreto<\/title>\n<meta name=\"robots\" content=\"index, follow, max-snippet:-1, max-image-preview:large, max-video-preview:-1\" \/>\n<link rel=\"canonical\" href=\"https:\/\/ibvmunngo.org\/pt\/da-visao-ao-impacto\/\" \/>\n<meta property=\"og:locale\" content=\"pt_BR\" \/>\n<meta property=\"og:type\" content=\"article\" \/>\n<meta property=\"og:title\" content=\"From Vision to Impact - Institute of the Blessed Virgin Mary \u2013 Loreto\" \/>\n<meta property=\"og:description\" content=\"The 2024 World Bank\/International Monetary Fund (IMF) Spring Meetings took place from April 15\u201320 in Washington, D.C. The Spring Meetings brought together central bankers, ministers of finance and development, parliamentarians, private sector executives, civil society organisations, and academics to discuss global economic concerns under the theme Vision to Impact.\u00a0 I am very grateful to have [&hellip;]\" \/>\n<meta property=\"og:url\" content=\"https:\/\/ibvmunngo.org\/pt\/da-visao-ao-impacto\/\" \/>\n<meta property=\"og:site_name\" content=\"Institute of the Blessed Virgin Mary \u2013 Loreto\" \/>\n<meta property=\"article:published_time\" content=\"2024-05-03T14:35:31+00:00\" \/>\n<meta property=\"article:modified_time\" content=\"2024-07-09T02:05:26+00:00\" \/>\n<meta property=\"og:image\" content=\"https:\/\/ibvmunngo.org\/wp-content\/uploads\/2024\/05\/Lauren-IMF-Front-Cover.png\" \/>\n\t<meta property=\"og:image:width\" content=\"954\" \/>\n\t<meta property=\"og:image:height\" content=\"706\" \/>\n\t<meta property=\"og:image:type\" content=\"image\/png\" \/>\n<meta name=\"author\" content=\"Janet Palafox\" \/>\n<meta name=\"twitter:card\" content=\"summary_large_image\" \/>\n<meta name=\"twitter:label1\" content=\"Escrito por\" \/>\n\t<meta name=\"twitter:data1\" content=\"Janet Palafox\" \/>\n\t<meta name=\"twitter:label2\" content=\"Est. tempo de leitura\" \/>\n\t<meta name=\"twitter:data2\" content=\"6 minutos\" \/>\n<script type=\"application\/ld+json\" class=\"yoast-schema-graph\">{\"@context\":\"https:\\\/\\\/schema.org\",\"@graph\":[{\"@type\":\"Article\",\"@id\":\"https:\\\/\\\/ibvmunngo.org\\\/from-vision-to-impact\\\/#article\",\"isPartOf\":{\"@id\":\"https:\\\/\\\/ibvmunngo.org\\\/from-vision-to-impact\\\/\"},\"author\":{\"name\":\"Janet Palafox\",\"@id\":\"https:\\\/\\\/ibvmunngo.org\\\/es\\\/#\\\/schema\\\/person\\\/a030c5f70b4723a4ebdfb8bbf96de8d9\"},\"headline\":\"From Vision to Impact\",\"datePublished\":\"2024-05-03T14:35:31+00:00\",\"dateModified\":\"2024-07-09T02:05:26+00:00\",\"mainEntityOfPage\":{\"@id\":\"https:\\\/\\\/ibvmunngo.org\\\/from-vision-to-impact\\\/\"},\"wordCount\":1176,\"publisher\":{\"@id\":\"https:\\\/\\\/ibvmunngo.org\\\/es\\\/#organization\"},\"image\":{\"@id\":\"https:\\\/\\\/ibvmunngo.org\\\/from-vision-to-impact\\\/#primaryimage\"},\"thumbnailUrl\":\"https:\\\/\\\/ibvmunngo.org\\\/wp-content\\\/uploads\\\/2024\\\/05\\\/Lauren-IMF-Front-Cover.png\",\"keywords\":[\"Financing for Development\",\"News Updates\"],\"articleSection\":[\"Updates\"],\"inLanguage\":\"pt-BR\"},{\"@type\":\"WebPage\",\"@id\":\"https:\\\/\\\/ibvmunngo.org\\\/from-vision-to-impact\\\/\",\"url\":\"https:\\\/\\\/ibvmunngo.org\\\/from-vision-to-impact\\\/\",\"name\":\"From Vision to Impact - Institute of the Blessed Virgin Mary \u2013 Loreto\",\"isPartOf\":{\"@id\":\"https:\\\/\\\/ibvmunngo.org\\\/es\\\/#website\"},\"primaryImageOfPage\":{\"@id\":\"https:\\\/\\\/ibvmunngo.org\\\/from-vision-to-impact\\\/#primaryimage\"},\"image\":{\"@id\":\"https:\\\/\\\/ibvmunngo.org\\\/from-vision-to-impact\\\/#primaryimage\"},\"thumbnailUrl\":\"https:\\\/\\\/ibvmunngo.org\\\/wp-content\\\/uploads\\\/2024\\\/05\\\/Lauren-IMF-Front-Cover.png\",\"datePublished\":\"2024-05-03T14:35:31+00:00\",\"dateModified\":\"2024-07-09T02:05:26+00:00\",\"breadcrumb\":{\"@id\":\"https:\\\/\\\/ibvmunngo.org\\\/from-vision-to-impact\\\/#breadcrumb\"},\"inLanguage\":\"pt-BR\",\"potentialAction\":[{\"@type\":\"ReadAction\",\"target\":[\"https:\\\/\\\/ibvmunngo.org\\\/from-vision-to-impact\\\/\"]}]},{\"@type\":\"ImageObject\",\"inLanguage\":\"pt-BR\",\"@id\":\"https:\\\/\\\/ibvmunngo.org\\\/from-vision-to-impact\\\/#primaryimage\",\"url\":\"https:\\\/\\\/ibvmunngo.org\\\/wp-content\\\/uploads\\\/2024\\\/05\\\/Lauren-IMF-Front-Cover.png\",\"contentUrl\":\"https:\\\/\\\/ibvmunngo.org\\\/wp-content\\\/uploads\\\/2024\\\/05\\\/Lauren-IMF-Front-Cover.png\",\"width\":954,\"height\":706},{\"@type\":\"BreadcrumbList\",\"@id\":\"https:\\\/\\\/ibvmunngo.org\\\/from-vision-to-impact\\\/#breadcrumb\",\"itemListElement\":[{\"@type\":\"ListItem\",\"position\":1,\"name\":\"Home\",\"item\":\"https:\\\/\\\/ibvmunngo.org\\\/es\\\/\"},{\"@type\":\"ListItem\",\"position\":2,\"name\":\"From Vision to Impact\"}]},{\"@type\":\"WebSite\",\"@id\":\"https:\\\/\\\/ibvmunngo.org\\\/es\\\/#website\",\"url\":\"https:\\\/\\\/ibvmunngo.org\\\/es\\\/\",\"name\":\"Institute of the Blessed Virgin Mary \u2013 Loreto\",\"description\":\"NGO ASSOCIATED WITH ECOSOC AT THE UNITED NATIONS\",\"publisher\":{\"@id\":\"https:\\\/\\\/ibvmunngo.org\\\/es\\\/#organization\"},\"potentialAction\":[{\"@type\":\"SearchAction\",\"target\":{\"@type\":\"EntryPoint\",\"urlTemplate\":\"https:\\\/\\\/ibvmunngo.org\\\/es\\\/?s={search_term_string}\"},\"query-input\":{\"@type\":\"PropertyValueSpecification\",\"valueRequired\":true,\"valueName\":\"search_term_string\"}}],\"inLanguage\":\"pt-BR\"},{\"@type\":\"Organization\",\"@id\":\"https:\\\/\\\/ibvmunngo.org\\\/es\\\/#organization\",\"name\":\"Institute of the Blessed Virgin Mary \u2013 Loreto\",\"url\":\"https:\\\/\\\/ibvmunngo.org\\\/es\\\/\",\"logo\":{\"@type\":\"ImageObject\",\"inLanguage\":\"pt-BR\",\"@id\":\"https:\\\/\\\/ibvmunngo.org\\\/es\\\/#\\\/schema\\\/logo\\\/image\\\/\",\"url\":\"https:\\\/\\\/ibvmunngo.org\\\/wp-content\\\/uploads\\\/2020\\\/10\\\/Logo_IBVM_UN_1.png\",\"contentUrl\":\"https:\\\/\\\/ibvmunngo.org\\\/wp-content\\\/uploads\\\/2020\\\/10\\\/Logo_IBVM_UN_1.png\",\"width\":200,\"height\":144,\"caption\":\"Institute of the Blessed Virgin Mary \u2013 Loreto\"},\"image\":{\"@id\":\"https:\\\/\\\/ibvmunngo.org\\\/es\\\/#\\\/schema\\\/logo\\\/image\\\/\"}},{\"@type\":\"Person\",\"@id\":\"https:\\\/\\\/ibvmunngo.org\\\/es\\\/#\\\/schema\\\/person\\\/a030c5f70b4723a4ebdfb8bbf96de8d9\",\"name\":\"Janet Palafox\",\"image\":{\"@type\":\"ImageObject\",\"inLanguage\":\"pt-BR\",\"@id\":\"https:\\\/\\\/secure.gravatar.com\\\/avatar\\\/65338d3fb9bcec4df6d381536875aa221aacfd56fe356fbccb768cef63a2ff01?s=96&d=mm&r=g\",\"url\":\"https:\\\/\\\/secure.gravatar.com\\\/avatar\\\/65338d3fb9bcec4df6d381536875aa221aacfd56fe356fbccb768cef63a2ff01?s=96&d=mm&r=g\",\"contentUrl\":\"https:\\\/\\\/secure.gravatar.com\\\/avatar\\\/65338d3fb9bcec4df6d381536875aa221aacfd56fe356fbccb768cef63a2ff01?s=96&d=mm&r=g\",\"caption\":\"Janet Palafox\"},\"url\":\"https:\\\/\\\/ibvmunngo.org\\\/pt\\\/author\\\/janet\\\/\"}]}<\/script>\n<!-- \/ Yoast SEO plugin. -->","yoast_head_json":{"title":"Da Vis\u00e3o ao Impacto - Instituto da Bem-Aventurada Virgem Maria \u2013 Loreto","robots":{"index":"index","follow":"follow","max-snippet":"max-snippet:-1","max-image-preview":"max-image-preview:large","max-video-preview":"max-video-preview:-1"},"canonical":"https:\/\/ibvmunngo.org\/pt\/da-visao-ao-impacto\/","og_locale":"pt_BR","og_type":"article","og_title":"From Vision to Impact - Institute of the Blessed Virgin Mary \u2013 Loreto","og_description":"The 2024 World Bank\/International Monetary Fund (IMF) Spring Meetings took place from April 15\u201320 in Washington, D.C. The Spring Meetings brought together central bankers, ministers of finance and development, parliamentarians, private sector executives, civil society organisations, and academics to discuss global economic concerns under the theme Vision to Impact.\u00a0 I am very grateful to have [&hellip;]","og_url":"https:\/\/ibvmunngo.org\/pt\/da-visao-ao-impacto\/","og_site_name":"Institute of the Blessed Virgin Mary \u2013 Loreto","article_published_time":"2024-05-03T14:35:31+00:00","article_modified_time":"2024-07-09T02:05:26+00:00","og_image":[{"width":954,"height":706,"url":"https:\/\/ibvmunngo.org\/wp-content\/uploads\/2024\/05\/Lauren-IMF-Front-Cover.png","type":"image\/png"}],"author":"Janet Palafox","twitter_card":"summary_large_image","twitter_misc":{"Escrito por":"Janet Palafox","Est. tempo de leitura":"6 minutos"},"schema":{"@context":"https:\/\/schema.org","@graph":[{"@type":"Article","@id":"https:\/\/ibvmunngo.org\/from-vision-to-impact\/#article","isPartOf":{"@id":"https:\/\/ibvmunngo.org\/from-vision-to-impact\/"},"author":{"name":"Janet Palafox","@id":"https:\/\/ibvmunngo.org\/es\/#\/schema\/person\/a030c5f70b4723a4ebdfb8bbf96de8d9"},"headline":"From Vision to Impact","datePublished":"2024-05-03T14:35:31+00:00","dateModified":"2024-07-09T02:05:26+00:00","mainEntityOfPage":{"@id":"https:\/\/ibvmunngo.org\/from-vision-to-impact\/"},"wordCount":1176,"publisher":{"@id":"https:\/\/ibvmunngo.org\/es\/#organization"},"image":{"@id":"https:\/\/ibvmunngo.org\/from-vision-to-impact\/#primaryimage"},"thumbnailUrl":"https:\/\/ibvmunngo.org\/wp-content\/uploads\/2024\/05\/Lauren-IMF-Front-Cover.png","keywords":["Financing for Development","News Updates"],"articleSection":["Updates"],"inLanguage":"pt-BR"},{"@type":"WebPage","@id":"https:\/\/ibvmunngo.org\/from-vision-to-impact\/","url":"https:\/\/ibvmunngo.org\/from-vision-to-impact\/","name":"Da Vis\u00e3o ao Impacto - Instituto da Bem-Aventurada Virgem Maria \u2013 Loreto","isPartOf":{"@id":"https:\/\/ibvmunngo.org\/es\/#website"},"primaryImageOfPage":{"@id":"https:\/\/ibvmunngo.org\/from-vision-to-impact\/#primaryimage"},"image":{"@id":"https:\/\/ibvmunngo.org\/from-vision-to-impact\/#primaryimage"},"thumbnailUrl":"https:\/\/ibvmunngo.org\/wp-content\/uploads\/2024\/05\/Lauren-IMF-Front-Cover.png","datePublished":"2024-05-03T14:35:31+00:00","dateModified":"2024-07-09T02:05:26+00:00","breadcrumb":{"@id":"https:\/\/ibvmunngo.org\/from-vision-to-impact\/#breadcrumb"},"inLanguage":"pt-BR","potentialAction":[{"@type":"ReadAction","target":["https:\/\/ibvmunngo.org\/from-vision-to-impact\/"]}]},{"@type":"ImageObject","inLanguage":"pt-BR","@id":"https:\/\/ibvmunngo.org\/from-vision-to-impact\/#primaryimage","url":"https:\/\/ibvmunngo.org\/wp-content\/uploads\/2024\/05\/Lauren-IMF-Front-Cover.png","contentUrl":"https:\/\/ibvmunngo.org\/wp-content\/uploads\/2024\/05\/Lauren-IMF-Front-Cover.png","width":954,"height":706},{"@type":"BreadcrumbList","@id":"https:\/\/ibvmunngo.org\/from-vision-to-impact\/#breadcrumb","itemListElement":[{"@type":"ListItem","position":1,"name":"Home","item":"https:\/\/ibvmunngo.org\/es\/"},{"@type":"ListItem","position":2,"name":"From Vision to Impact"}]},{"@type":"WebSite","@id":"https:\/\/ibvmunngo.org\/es\/#website","url":"https:\/\/ibvmunngo.org\/es\/","name":"Instituto da Bem-Aventurada Virgem Maria \u2013 Loreto","description":"ONG ASSOCIADA AO ECOSOC NAS NA\u00c7\u00d5ES UNIDAS","publisher":{"@id":"https:\/\/ibvmunngo.org\/es\/#organization"},"potentialAction":[{"@type":"SearchAction","target":{"@type":"EntryPoint","urlTemplate":"https:\/\/ibvmunngo.org\/es\/?s={search_term_string}"},"query-input":{"@type":"PropertyValueSpecification","valueRequired":true,"valueName":"search_term_string"}}],"inLanguage":"pt-BR"},{"@type":"Organization","@id":"https:\/\/ibvmunngo.org\/es\/#organization","name":"Instituto da Bem-Aventurada Virgem Maria \u2013 Loreto","url":"https:\/\/ibvmunngo.org\/es\/","logo":{"@type":"ImageObject","inLanguage":"pt-BR","@id":"https:\/\/ibvmunngo.org\/es\/#\/schema\/logo\/image\/","url":"https:\/\/ibvmunngo.org\/wp-content\/uploads\/2020\/10\/Logo_IBVM_UN_1.png","contentUrl":"https:\/\/ibvmunngo.org\/wp-content\/uploads\/2020\/10\/Logo_IBVM_UN_1.png","width":200,"height":144,"caption":"Institute of the Blessed Virgin Mary \u2013 Loreto"},"image":{"@id":"https:\/\/ibvmunngo.org\/es\/#\/schema\/logo\/image\/"}},{"@type":"Person","@id":"https:\/\/ibvmunngo.org\/es\/#\/schema\/person\/a030c5f70b4723a4ebdfb8bbf96de8d9","name":"Janete Palafox","image":{"@type":"ImageObject","inLanguage":"pt-BR","@id":"https:\/\/secure.gravatar.com\/avatar\/65338d3fb9bcec4df6d381536875aa221aacfd56fe356fbccb768cef63a2ff01?s=96&d=mm&r=g","url":"https:\/\/secure.gravatar.com\/avatar\/65338d3fb9bcec4df6d381536875aa221aacfd56fe356fbccb768cef63a2ff01?s=96&d=mm&r=g","contentUrl":"https:\/\/secure.gravatar.com\/avatar\/65338d3fb9bcec4df6d381536875aa221aacfd56fe356fbccb768cef63a2ff01?s=96&d=mm&r=g","caption":"Janet Palafox"},"url":"https:\/\/ibvmunngo.org\/pt\/author\/janet\/"}]}},"_links":{"self":[{"href":"https:\/\/ibvmunngo.org\/pt\/wp-json\/wp\/v2\/posts\/124887","targetHints":{"allow":["GET"]}}],"collection":[{"href":"https:\/\/ibvmunngo.org\/pt\/wp-json\/wp\/v2\/posts"}],"about":[{"href":"https:\/\/ibvmunngo.org\/pt\/wp-json\/wp\/v2\/types\/post"}],"author":[{"embeddable":true,"href":"https:\/\/ibvmunngo.org\/pt\/wp-json\/wp\/v2\/users\/6"}],"replies":[{"embeddable":true,"href":"https:\/\/ibvmunngo.org\/pt\/wp-json\/wp\/v2\/comments?post=124887"}],"version-history":[{"count":5,"href":"https:\/\/ibvmunngo.org\/pt\/wp-json\/wp\/v2\/posts\/124887\/revisions"}],"predecessor-version":[{"id":125171,"href":"https:\/\/ibvmunngo.org\/pt\/wp-json\/wp\/v2\/posts\/124887\/revisions\/125171"}],"wp:featuredmedia":[{"embeddable":true,"href":"https:\/\/ibvmunngo.org\/pt\/wp-json\/wp\/v2\/media\/124900"}],"wp:attachment":[{"href":"https:\/\/ibvmunngo.org\/pt\/wp-json\/wp\/v2\/media?parent=124887"}],"wp:term":[{"taxonomy":"category","embeddable":true,"href":"https:\/\/ibvmunngo.org\/pt\/wp-json\/wp\/v2\/categories?post=124887"},{"taxonomy":"post_tag","embeddable":true,"href":"https:\/\/ibvmunngo.org\/pt\/wp-json\/wp\/v2\/tags?post=124887"}],"curies":[{"name":"wp","href":"https:\/\/api.w.org\/{rel}","templated":true}]}}